{"id":1249,"date":"2025-12-20T15:52:01","date_gmt":"2025-12-20T14:52:01","guid":{"rendered":"https:\/\/chronomagazine.info\/?p=1249"},"modified":"2025-12-20T15:52:19","modified_gmt":"2025-12-20T14:52:19","slug":"programme-retour-au-quartier-letat-affiche-sa-presence-a-solino","status":"publish","type":"post","link":"https:\/\/chronomagazine.info\/?p=1249","title":{"rendered":"Programme \u00ab Retour au quartier \u00bb : l\u2019\u00c9tat affiche sa pr\u00e9sence \u00e0 Solino"},"content":{"rendered":"\n<p><\/p>\n\n\n\n<p><em>Les Conseiller-Pr\u00e9sident Leslie Voltaire et Edgar Leblanc Fils, accompagn\u00e9s du Premier ministre Alix Didier Fils-Aim\u00e9, ont effectu\u00e9 le samedi 20 d\u00e9cembre 2025 une visite de terrain \u00e0 Solino, dans le cadre du programme gouvernemental \u00ab Retour au quartier \u00bb. Selon la Primature, cette d\u00e9marche vise \u00e0 mat\u00e9rialiser le retour effectif de l\u2019\u00c9tat dans les quartiers, \u00e0 r\u00e9affirmer son autorit\u00e9 et \u00e0 renouveler son engagement \u00e0 restaurer l\u2019ordre, la dignit\u00e9 et l\u2019espoir au sein de la population.<\/em><\/p>\n\n\n\n<p>Cette visite s\u2019inscrit dans une strat\u00e9gie globale de reconqu\u00eate institutionnelle et sociale des zones fragilis\u00e9es. Les autorit\u00e9s ont \u00e9chang\u00e9 avec des riverains et \u00e9valu\u00e9 l\u2019\u00e9tat des lieux afin de mieux cerner les besoins urgents, tant en mati\u00e8re de s\u00e9curit\u00e9 que d\u2019infrastructures et de services publics. Le message d\u00e9livr\u00e9 est clair : l\u2019\u00c9tat entend reprendre pleinement ses responsabilit\u00e9s et accompagner durablement les communaut\u00e9s.<\/p>\n\n\n\n<p>Le projet \u00ab Retour au quartier \u00bb est structur\u00e9 en trois phases. La phase 1, d\u00e9j\u00e0 achev\u00e9e, a \u00e9t\u00e9 conduite avec l\u2019appui de Sant Karl L\u00e9v\u00eaque et de la FAES, et a permis de poser les bases s\u00e9curitaires et organisationnelles n\u00e9cessaires au d\u00e9ploiement du programme. Cette \u00e9tape a servi de socle \u00e0 la relance progressive des activit\u00e9s publiques et communautaires.<\/p>\n\n\n\n<p>La phase 2, actuellement en cours, concerne les visites de terrain et les pr\u00e9paratifs op\u00e9rationnels. Elle vise \u00e0 coordonner les interventions, planifier les travaux prioritaires et assurer une pr\u00e9sence soutenue des autorit\u00e9s afin de garantir l\u2019efficacit\u00e9 des actions \u00e0 venir. La visite \u00e0 Solino s\u2019inscrit pr\u00e9cis\u00e9ment dans cette dynamique de pr\u00e9paration et de concertation.<\/p>\n\n\n\n<p>Plusieurs membres du Gouvernement ont pris part \u00e0 cette descente, notamment le ministre des Travaux publics Rapha\u00ebl Hosty et le ministre de l&rsquo;Int\u00e9rieur Paul Antoine Bien-Aim\u00e9, t\u00e9moignant de l\u2019approche interinstitutionnelle privil\u00e9gi\u00e9e par l\u2019Ex\u00e9cutif.<\/p>\n\n\n\n<p>\u00c0 travers cette mobilisation, les autorit\u00e9s entendent acc\u00e9l\u00e9rer la mise en \u0153uvre des prochaines \u00e9tapes du programme et traduire, sur le terrain, la volont\u00e9 politique de reconstruire la confiance entre l\u2019\u00c9tat et les citoyens.<\/p>\n\n\n\n<p><em>LM<\/em><\/p>\n","protected":false},"excerpt":{"rendered":"<p>Les Conseiller-Pr\u00e9sident Leslie Voltaire et Edgar Leblanc Fils, accompagn\u00e9s du Premier ministre Alix Didier Fils-Aim\u00e9, ont effectu\u00e9 le<\/p>\n","protected":false},"author":2,"featured_media":1253,"comment_status":"open","ping_status":"open","sticky":false,"template":"","format":"standard","meta":{"footnotes":""},"categories":[2],"tags":[],"class_list":["post-1249","post","type-post","status-publish","format-standard","has-post-thumbnail","hentry","category-actualites"],"yoast_head":"<!-- This site is optimized with the Yoast SEO plugin v27.5 - https:\/\/yoast.com\/product\/yoast-seo-wordpress\/ -->\n<title>Programme \u00ab Retour au quartier \u00bb : l\u2019\u00c9tat affiche sa pr\u00e9sence \u00e0 Solino -<\/title>\n<meta name=\"robots\" content=\"index, follow, max-snippet:-1, max-image-preview:large, max-video-preview:-1\" \/>\n<link rel=\"canonical\" href=\"https:\/\/chronomagazine.info\/?p=1249\" \/>\n<meta property=\"og:locale\" content=\"fr_FR\" \/>\n<meta property=\"og:type\" content=\"article\" \/>\n<meta property=\"og:title\" content=\"Programme \u00ab Retour au quartier \u00bb : l\u2019\u00c9tat affiche sa pr\u00e9sence \u00e0 Solino -\" \/>\n<meta property=\"og:description\" content=\"Les Conseiller-Pr\u00e9sident Leslie Voltaire et Edgar Leblanc Fils, accompagn\u00e9s du Premier ministre Alix Didier Fils-Aim\u00e9, ont effectu\u00e9 le\" \/>\n<meta property=\"og:url\" content=\"https:\/\/chronomagazine.info\/?p=1249\" \/>\n<meta property=\"article:published_time\" content=\"2025-12-20T14:52:01+00:00\" \/>\n<meta property=\"article:modified_time\" content=\"2025-12-20T14:52:19+00:00\" \/>\n<meta property=\"og:image\" content=\"https:\/\/chronomagazine.info\/wp-content\/uploads\/2025\/12\/24E37CDB-85E1-4519-A0E3-FDF8E4B061F2.jpeg\" \/>\n\t<meta property=\"og:image:width\" content=\"1440\" \/>\n\t<meta property=\"og:image:height\" content=\"959\" \/>\n\t<meta property=\"og:image:type\" content=\"image\/jpeg\" \/>\n<meta name=\"author\" content=\"Redaction\" \/>\n<meta name=\"twitter:card\" content=\"summary_large_image\" \/>\n<meta name=\"twitter:label1\" content=\"\u00c9crit par\" \/>\n\t<meta name=\"twitter:data1\" content=\"Redaction\" \/>\n\t<meta name=\"twitter:label2\" content=\"Dur\u00e9e de lecture estim\u00e9e\" \/>\n\t<meta name=\"twitter:data2\" content=\"2 minutes\" \/>\n<script type=\"application\/ld+json\" class=\"yoast-schema-graph\">{\"@context\":\"https:\\\/\\\/schema.org\",\"@graph\":[{\"@type\":\"Article\",\"@id\":\"https:\\\/\\\/chronomagazine.info\\\/?p=1249#article\",\"isPartOf\":{\"@id\":\"https:\\\/\\\/chronomagazine.info\\\/?p=1249\"},\"author\":{\"name\":\"Redaction\",\"@id\":\"https:\\\/\\\/chronomagazine.info\\\/#\\\/schema\\\/person\\\/1b30e6d39ab853b835b3db1392fc68e8\"},\"headline\":\"Programme \u00ab Retour au quartier \u00bb : l\u2019\u00c9tat affiche sa pr\u00e9sence \u00e0 Solino\",\"datePublished\":\"2025-12-20T14:52:01+00:00\",\"dateModified\":\"2025-12-20T14:52:19+00:00\",\"mainEntityOfPage\":{\"@id\":\"https:\\\/\\\/chronomagazine.info\\\/?p=1249\"},\"wordCount\":364,\"commentCount\":0,\"image\":{\"@id\":\"https:\\\/\\\/chronomagazine.info\\\/?p=1249#primaryimage\"},\"thumbnailUrl\":\"https:\\\/\\\/chronomagazine.info\\\/wp-content\\\/uploads\\\/2025\\\/12\\\/24E37CDB-85E1-4519-A0E3-FDF8E4B061F2.jpeg\",\"articleSection\":[\"Actualites\"],\"inLanguage\":\"fr-FR\",\"potentialAction\":[{\"@type\":\"CommentAction\",\"name\":\"Comment\",\"target\":[\"https:\\\/\\\/chronomagazine.info\\\/?p=1249#respond\"]}]},{\"@type\":\"WebPage\",\"@id\":\"https:\\\/\\\/chronomagazine.info\\\/?p=1249\",\"url\":\"https:\\\/\\\/chronomagazine.info\\\/?p=1249\",\"name\":\"Programme \u00ab Retour au quartier \u00bb : l\u2019\u00c9tat affiche sa pr\u00e9sence \u00e0 Solino -\",\"isPartOf\":{\"@id\":\"https:\\\/\\\/chronomagazine.info\\\/#website\"},\"primaryImageOfPage\":{\"@id\":\"https:\\\/\\\/chronomagazine.info\\\/?p=1249#primaryimage\"},\"image\":{\"@id\":\"https:\\\/\\\/chronomagazine.info\\\/?p=1249#primaryimage\"},\"thumbnailUrl\":\"https:\\\/\\\/chronomagazine.info\\\/wp-content\\\/uploads\\\/2025\\\/12\\\/24E37CDB-85E1-4519-A0E3-FDF8E4B061F2.jpeg\",\"datePublished\":\"2025-12-20T14:52:01+00:00\",\"dateModified\":\"2025-12-20T14:52:19+00:00\",\"author\":{\"@id\":\"https:\\\/\\\/chronomagazine.info\\\/#\\\/schema\\\/person\\\/1b30e6d39ab853b835b3db1392fc68e8\"},\"breadcrumb\":{\"@id\":\"https:\\\/\\\/chronomagazine.info\\\/?p=1249#breadcrumb\"},\"inLanguage\":\"fr-FR\",\"potentialAction\":[{\"@type\":\"ReadAction\",\"target\":[\"https:\\\/\\\/chronomagazine.info\\\/?p=1249\"]}]},{\"@type\":\"ImageObject\",\"inLanguage\":\"fr-FR\",\"@id\":\"https:\\\/\\\/chronomagazine.info\\\/?p=1249#primaryimage\",\"url\":\"https:\\\/\\\/chronomagazine.info\\\/wp-content\\\/uploads\\\/2025\\\/12\\\/24E37CDB-85E1-4519-A0E3-FDF8E4B061F2.jpeg\",\"contentUrl\":\"https:\\\/\\\/chronomagazine.info\\\/wp-content\\\/uploads\\\/2025\\\/12\\\/24E37CDB-85E1-4519-A0E3-FDF8E4B061F2.jpeg\",\"width\":1440,\"height\":959},{\"@type\":\"BreadcrumbList\",\"@id\":\"https:\\\/\\\/chronomagazine.info\\\/?p=1249#breadcrumb\",\"itemListElement\":[{\"@type\":\"ListItem\",\"position\":1,\"name\":\"Home\",\"item\":\"https:\\\/\\\/chronomagazine.info\\\/\"},{\"@type\":\"ListItem\",\"position\":2,\"name\":\"Programme \u00ab Retour au quartier \u00bb : l\u2019\u00c9tat affiche sa pr\u00e9sence \u00e0 Solino\"}]},{\"@type\":\"WebSite\",\"@id\":\"https:\\\/\\\/chronomagazine.info\\\/#website\",\"url\":\"https:\\\/\\\/chronomagazine.info\\\/\",\"name\":\"\",\"description\":\"Haiti En Bref !\",\"potentialAction\":[{\"@type\":\"SearchAction\",\"target\":{\"@type\":\"EntryPoint\",\"urlTemplate\":\"https:\\\/\\\/chronomagazine.info\\\/?s={search_term_string}\"},\"query-input\":{\"@type\":\"PropertyValueSpecification\",\"valueRequired\":true,\"valueName\":\"search_term_string\"}}],\"inLanguage\":\"fr-FR\"},{\"@type\":\"Person\",\"@id\":\"https:\\\/\\\/chronomagazine.info\\\/#\\\/schema\\\/person\\\/1b30e6d39ab853b835b3db1392fc68e8\",\"name\":\"Redaction\",\"image\":{\"@type\":\"ImageObject\",\"inLanguage\":\"fr-FR\",\"@id\":\"https:\\\/\\\/secure.gravatar.com\\\/avatar\\\/ac8e53a7052dcd541025c389ebc153cf5c564d2ff38b6d692771f44cd130c8f8?s=96&d=mm&r=g\",\"url\":\"https:\\\/\\\/secure.gravatar.com\\\/avatar\\\/ac8e53a7052dcd541025c389ebc153cf5c564d2ff38b6d692771f44cd130c8f8?s=96&d=mm&r=g\",\"contentUrl\":\"https:\\\/\\\/secure.gravatar.com\\\/avatar\\\/ac8e53a7052dcd541025c389ebc153cf5c564d2ff38b6d692771f44cd130c8f8?s=96&d=mm&r=g\",\"caption\":\"Redaction\"},\"url\":\"https:\\\/\\\/chronomagazine.info\\\/?author=2\"}]}<\/script>\n<!-- \/ Yoast SEO plugin. -->","yoast_head_json":{"title":"Programme \u00ab Retour au quartier \u00bb : l\u2019\u00c9tat affiche sa pr\u00e9sence \u00e0 Solino -","robots":{"index":"index","follow":"follow","max-snippet":"max-snippet:-1","max-image-preview":"max-image-preview:large","max-video-preview":"max-video-preview:-1"},"canonical":"https:\/\/chronomagazine.info\/?p=1249","og_locale":"fr_FR","og_type":"article","og_title":"Programme \u00ab Retour au quartier \u00bb : l\u2019\u00c9tat affiche sa pr\u00e9sence \u00e0 Solino -","og_description":"Les Conseiller-Pr\u00e9sident Leslie Voltaire et Edgar Leblanc Fils, accompagn\u00e9s du Premier ministre Alix Didier Fils-Aim\u00e9, ont effectu\u00e9 le","og_url":"https:\/\/chronomagazine.info\/?p=1249","article_published_time":"2025-12-20T14:52:01+00:00","article_modified_time":"2025-12-20T14:52:19+00:00","og_image":[{"width":1440,"height":959,"url":"https:\/\/chronomagazine.info\/wp-content\/uploads\/2025\/12\/24E37CDB-85E1-4519-A0E3-FDF8E4B061F2.jpeg","type":"image\/jpeg"}],"author":"Redaction","twitter_card":"summary_large_image","twitter_misc":{"\u00c9crit par":"Redaction","Dur\u00e9e de lecture estim\u00e9e":"2 minutes"},"schema":{"@context":"https:\/\/schema.org","@graph":[{"@type":"Article","@id":"https:\/\/chronomagazine.info\/?p=1249#article","isPartOf":{"@id":"https:\/\/chronomagazine.info\/?p=1249"},"author":{"name":"Redaction","@id":"https:\/\/chronomagazine.info\/#\/schema\/person\/1b30e6d39ab853b835b3db1392fc68e8"},"headline":"Programme \u00ab Retour au quartier \u00bb : l\u2019\u00c9tat affiche sa pr\u00e9sence \u00e0 Solino","datePublished":"2025-12-20T14:52:01+00:00","dateModified":"2025-12-20T14:52:19+00:00","mainEntityOfPage":{"@id":"https:\/\/chronomagazine.info\/?p=1249"},"wordCount":364,"commentCount":0,"image":{"@id":"https:\/\/chronomagazine.info\/?p=1249#primaryimage"},"thumbnailUrl":"https:\/\/chronomagazine.info\/wp-content\/uploads\/2025\/12\/24E37CDB-85E1-4519-A0E3-FDF8E4B061F2.jpeg","articleSection":["Actualites"],"inLanguage":"fr-FR","potentialAction":[{"@type":"CommentAction","name":"Comment","target":["https:\/\/chronomagazine.info\/?p=1249#respond"]}]},{"@type":"WebPage","@id":"https:\/\/chronomagazine.info\/?p=1249","url":"https:\/\/chronomagazine.info\/?p=1249","name":"Programme \u00ab Retour au quartier \u00bb : l\u2019\u00c9tat affiche sa pr\u00e9sence \u00e0 Solino -","isPartOf":{"@id":"https:\/\/chronomagazine.info\/#website"},"primaryImageOfPage":{"@id":"https:\/\/chronomagazine.info\/?p=1249#primaryimage"},"image":{"@id":"https:\/\/chronomagazine.info\/?p=1249#primaryimage"},"thumbnailUrl":"https:\/\/chronomagazine.info\/wp-content\/uploads\/2025\/12\/24E37CDB-85E1-4519-A0E3-FDF8E4B061F2.jpeg","datePublished":"2025-12-20T14:52:01+00:00","dateModified":"2025-12-20T14:52:19+00:00","author":{"@id":"https:\/\/chronomagazine.info\/#\/schema\/person\/1b30e6d39ab853b835b3db1392fc68e8"},"breadcrumb":{"@id":"https:\/\/chronomagazine.info\/?p=1249#breadcrumb"},"inLanguage":"fr-FR","potentialAction":[{"@type":"ReadAction","target":["https:\/\/chronomagazine.info\/?p=1249"]}]},{"@type":"ImageObject","inLanguage":"fr-FR","@id":"https:\/\/chronomagazine.info\/?p=1249#primaryimage","url":"https:\/\/chronomagazine.info\/wp-content\/uploads\/2025\/12\/24E37CDB-85E1-4519-A0E3-FDF8E4B061F2.jpeg","contentUrl":"https:\/\/chronomagazine.info\/wp-content\/uploads\/2025\/12\/24E37CDB-85E1-4519-A0E3-FDF8E4B061F2.jpeg","width":1440,"height":959},{"@type":"BreadcrumbList","@id":"https:\/\/chronomagazine.info\/?p=1249#breadcrumb","itemListElement":[{"@type":"ListItem","position":1,"name":"Home","item":"https:\/\/chronomagazine.info\/"},{"@type":"ListItem","position":2,"name":"Programme \u00ab Retour au quartier \u00bb : l\u2019\u00c9tat affiche sa pr\u00e9sence \u00e0 Solino"}]},{"@type":"WebSite","@id":"https:\/\/chronomagazine.info\/#website","url":"https:\/\/chronomagazine.info\/","name":"","description":"Haiti En Bref !","potentialAction":[{"@type":"SearchAction","target":{"@type":"EntryPoint","urlTemplate":"https:\/\/chronomagazine.info\/?s={search_term_string}"},"query-input":{"@type":"PropertyValueSpecification","valueRequired":true,"valueName":"search_term_string"}}],"inLanguage":"fr-FR"},{"@type":"Person","@id":"https:\/\/chronomagazine.info\/#\/schema\/person\/1b30e6d39ab853b835b3db1392fc68e8","name":"Redaction","image":{"@type":"ImageObject","inLanguage":"fr-FR","@id":"https:\/\/secure.gravatar.com\/avatar\/ac8e53a7052dcd541025c389ebc153cf5c564d2ff38b6d692771f44cd130c8f8?s=96&d=mm&r=g","url":"https:\/\/secure.gravatar.com\/avatar\/ac8e53a7052dcd541025c389ebc153cf5c564d2ff38b6d692771f44cd130c8f8?s=96&d=mm&r=g","contentUrl":"https:\/\/secure.gravatar.com\/avatar\/ac8e53a7052dcd541025c389ebc153cf5c564d2ff38b6d692771f44cd130c8f8?s=96&d=mm&r=g","caption":"Redaction"},"url":"https:\/\/chronomagazine.info\/?author=2"}]}},"jetpack_featured_media_url":"https:\/\/chronomagazine.info\/wp-content\/uploads\/2025\/12\/24E37CDB-85E1-4519-A0E3-FDF8E4B061F2.jpeg","_links":{"self":[{"href":"https:\/\/chronomagazine.info\/index.php?rest_route=\/wp\/v2\/posts\/1249","targetHints":{"allow":["GET"]}}],"collection":[{"href":"https:\/\/chronomagazine.info\/index.php?rest_route=\/wp\/v2\/posts"}],"about":[{"href":"https:\/\/chronomagazine.info\/index.php?rest_route=\/wp\/v2\/types\/post"}],"author":[{"embeddable":true,"href":"https:\/\/chronomagazine.info\/index.php?rest_route=\/wp\/v2\/users\/2"}],"replies":[{"embeddable":true,"href":"https:\/\/chronomagazine.info\/index.php?rest_route=%2Fwp%2Fv2%2Fcomments&post=1249"}],"version-history":[{"count":1,"href":"https:\/\/chronomagazine.info\/index.php?rest_route=\/wp\/v2\/posts\/1249\/revisions"}],"predecessor-version":[{"id":1254,"href":"https:\/\/chronomagazine.info\/index.php?rest_route=\/wp\/v2\/posts\/1249\/revisions\/1254"}],"wp:featuredmedia":[{"embeddable":true,"href":"https:\/\/chronomagazine.info\/index.php?rest_route=\/wp\/v2\/media\/1253"}],"wp:attachment":[{"href":"https:\/\/chronomagazine.info\/index.php?rest_route=%2Fwp%2Fv2%2Fmedia&parent=1249"}],"wp:term":[{"taxonomy":"category","embeddable":true,"href":"https:\/\/chronomagazine.info\/index.php?rest_route=%2Fwp%2Fv2%2Fcategories&post=1249"},{"taxonomy":"post_tag","embeddable":true,"href":"https:\/\/chronomagazine.info\/index.php?rest_route=%2Fwp%2Fv2%2Ftags&post=1249"}],"curies":[{"name":"wp","href":"https:\/\/api.w.org\/{rel}","templated":true}]}}