{"id":1899,"date":"2026-02-03T02:06:32","date_gmt":"2026-02-03T01:06:32","guid":{"rendered":"https:\/\/chronomagazine.info\/?p=1899"},"modified":"2026-02-03T02:06:36","modified_gmt":"2026-02-03T01:06:36","slug":"edgard-leblanc-appelle-a-un-sursaut-national-a-lapproche-du-7-fevrier-2026","status":"publish","type":"post","link":"https:\/\/chronomagazine.info\/?p=1899","title":{"rendered":"Edgard Leblanc appelle \u00e0 un sursaut national \u00e0 l\u2019approche du 7 f\u00e9vrier 2026"},"content":{"rendered":"\n<p><\/p>\n\n\n\n<p>\u00c0 l\u2019initiative du Conseil pr\u00e9sidentiel de transition (CPT), les assises du Dialogue inter-ha\u00eftien se sont ouvertes \u00e0 l\u2019h\u00f4tel Montana dans un climat de gravit\u00e9 politique, \u00e0 quelques jours d\u2019une \u00e9ch\u00e9ance jug\u00e9e d\u00e9cisive pour l\u2019avenir institutionnel du pays : le 7 f\u00e9vrier 2026.<\/p>\n\n\n\n<p>Dans son discours d\u2019ouverture, Edgard Leblanc, l&rsquo;un des membres du Conseil pr\u00e9sidentiel de transition, a donn\u00e9 le ton. Devant des repr\u00e9sentants de partis politiques et d\u2019organisations sociopolitiques, il a rappel\u00e9 que cette date marquera la fin du mandat des institutions issues de l\u2019Accord du 3 avril 2024. \u00c0 compter de ce moment, a-t-il averti, l\u2019ensemble du dispositif transitoire deviendra caduc et ne pourra plus, en aucun cas, continuer \u00e0 exercer une autorit\u00e9 l\u00e9gitime au nom de la R\u00e9publique.<\/p>\n\n\n\n<p>Selon lui, seul un nouvel accord politique, n\u00e9goci\u00e9 et accept\u00e9 par les forces vives de la nation, pourra red\u00e9finir la gouvernance du pays et donner un mandat l\u00e9gal aux autorit\u00e9s charg\u00e9es d\u2019assurer la continuit\u00e9 de l\u2019\u00c9tat. C\u2019est dans cette perspective que le Dialogue inter-ha\u00eftien a \u00e9t\u00e9 convoqu\u00e9, apr\u00e8s une s\u00e9rie de r\u00e9unions bilat\u00e9rales ayant r\u00e9uni onze regroupements d\u2019organisations pr\u00e9occup\u00e9es par la d\u00e9gradation de la situation politique et s\u00e9curitaire.<\/p>\n\n\n\n<p>Pendant trois jours d\u2019\u00e9changes, les participants sont appel\u00e9s \u00e0 d\u00e9gager, par le dialogue et la concertation, les bases d\u2019un nouvel accord capable de garantir une passation pacifique et ordonn\u00e9e du pouvoir le 7 f\u00e9vrier 2026. Il a insist\u00e9 sur la n\u00e9cessit\u00e9 d\u2019\u00e9viter \u00e0 la fois les coups de force internes et toute solution impos\u00e9e de l\u2019ext\u00e9rieur, qu\u2019il a qualifi\u00e9s de voies sans issue pour Ha\u00efti.<\/p>\n\n\n\n<p>Les travaux devront notamment porter sur l\u2019architecture de l\u2019ex\u00e9cutif de la transition post-7 f\u00e9vrier, monoc\u00e9phale ou bic\u00e9phale, sur les profils et crit\u00e8res de s\u00e9lection des nouvelles autorit\u00e9s, ainsi que sur les m\u00e9canismes \u00e0 mettre en place pour assurer la s\u00e9curit\u00e9 sur l\u2019ensemble du territoire et cr\u00e9er un environnement favorable \u00e0 l\u2019organisation d\u2019\u00e9lections cr\u00e9dibles. Ces r\u00e9flexions s\u2019inscrivent dans un contexte marqu\u00e9, selon Edgard Leblanc, par une ing\u00e9rence persistante de puissances \u00e9trang\u00e8res dans les affaires nationales.<\/p>\n\n\n\n<p>Au-del\u00e0 des choix institutionnels, monsieur Leblanc a soulign\u00e9 l\u2019enjeu politique majeur de ces assises. Les d\u00e9cisions qui en d\u00e9couleront devront \u00eatre suffisamment fortes pour s\u2019imposer face aux tentations autoritaires et aux acteurs accus\u00e9s de servir des int\u00e9r\u00eats ext\u00e9rieurs. Selon lui, l\u2019engagement collectif qui sera sign\u00e9 \u00e0 l\u2019issue du Dialogue inter-ha\u00eftien pourrait modifier le rapport de force et pr\u00e9server le pays d\u2019une nouvelle rupture institutionnelle.<\/p>\n\n\n\n<p>Dans un plaidoyer appuy\u00e9 en faveur du dialogue politique, il a rappel\u00e9 que l\u2019incapacit\u00e9 des acteurs ha\u00eftiens \u00e0 se parler et \u00e0 se faire confiance constitue l\u2019une des causes profondes de l\u2019instabilit\u00e9 chronique du pays. De 1986 \u00e0 2026, apr\u00e8s quarante ann\u00e9es de transition d\u00e9mocratique inachev\u00e9e, Ha\u00efti peine encore \u00e0 trouver une v\u00e9ritable formule de d\u00e9part. Sans dialogue permanent, a-t-il averti, le pays restera enferm\u00e9 dans un cycle de crises r\u00e9p\u00e9titives.<\/p>\n\n\n\n<p>Le discours s\u2019est \u00e9galement voulu un rappel ferme des principes de souverainet\u00e9 nationale. \u00ab Les pays n\u2019ont pas d\u2019amis, mais des int\u00e9r\u00eats \u00bb, a martel\u00e9 Edgard Leblanc, appelant \u00e0 une lucidit\u00e9 accrue dans les relations internationales et \u00e0 une d\u00e9fense sans compromis de l\u2019ind\u00e9pendance du pays. Il a insist\u00e9 sur la responsabilit\u00e9 historique des Ha\u00eftiens face \u00e0 leur propre destin.<\/p>\n\n\n\n<p>\u00ab Seuls les Ha\u00eftiens ont l\u2019obligation et la responsabilit\u00e9 de sauver Ha\u00efti \u00bb, a-t-il conclu, avant de d\u00e9clarer officiellement ouvertes les assises du Dialogue inter-ha\u00eftien, pr\u00e9sent\u00e9es comme une \u00e9tape cruciale pour \u00e9viter le chaos et poser les bases d\u2019une transition fond\u00e9e sur le consensus, la souverainet\u00e9 et la paix civile.<\/p>\n\n\n\n<p>Christnoude BEAUPLAN<\/p>\n","protected":false},"excerpt":{"rendered":"<p>\u00c0 l\u2019initiative du Conseil pr\u00e9sidentiel de transition (CPT), les assises du Dialogue inter-ha\u00eftien se sont ouvertes \u00e0 l\u2019h\u00f4tel<\/p>\n","protected":false},"author":2,"featured_media":1900,"comment_status":"open","ping_status":"open","sticky":false,"template":"","format":"standard","meta":{"footnotes":""},"categories":[2,3],"tags":[],"class_list":["post-1899","post","type-post","status-publish","format-standard","has-post-thumbnail","hentry","category-actualites","category-politiques"],"yoast_head":"<!-- This site is optimized with the Yoast SEO plugin v27.5 - https:\/\/yoast.com\/product\/yoast-seo-wordpress\/ -->\n<title>Edgard Leblanc appelle \u00e0 un sursaut national \u00e0 l\u2019approche du 7 f\u00e9vrier 2026 -<\/title>\n<meta name=\"robots\" content=\"index, follow, max-snippet:-1, max-image-preview:large, max-video-preview:-1\" \/>\n<link rel=\"canonical\" href=\"https:\/\/chronomagazine.info\/?p=1899\" \/>\n<meta property=\"og:locale\" content=\"fr_FR\" \/>\n<meta property=\"og:type\" content=\"article\" \/>\n<meta property=\"og:title\" content=\"Edgard Leblanc appelle \u00e0 un sursaut national \u00e0 l\u2019approche du 7 f\u00e9vrier 2026 -\" \/>\n<meta property=\"og:description\" content=\"\u00c0 l\u2019initiative du Conseil pr\u00e9sidentiel de transition (CPT), les assises du Dialogue inter-ha\u00eftien se sont ouvertes \u00e0 l\u2019h\u00f4tel\" \/>\n<meta property=\"og:url\" content=\"https:\/\/chronomagazine.info\/?p=1899\" \/>\n<meta property=\"article:published_time\" content=\"2026-02-03T01:06:32+00:00\" \/>\n<meta property=\"article:modified_time\" content=\"2026-02-03T01:06:36+00:00\" \/>\n<meta property=\"og:image\" content=\"https:\/\/chronomagazine.info\/wp-content\/uploads\/2026\/02\/E00D69AA-8132-450F-9B5E-9556C059EB33.jpeg\" \/>\n\t<meta property=\"og:image:width\" content=\"634\" \/>\n\t<meta property=\"og:image:height\" content=\"563\" \/>\n\t<meta property=\"og:image:type\" content=\"image\/jpeg\" \/>\n<meta name=\"author\" content=\"Redaction\" \/>\n<meta name=\"twitter:card\" content=\"summary_large_image\" \/>\n<meta name=\"twitter:label1\" content=\"\u00c9crit par\" \/>\n\t<meta name=\"twitter:data1\" content=\"Redaction\" \/>\n\t<meta name=\"twitter:label2\" content=\"Dur\u00e9e de lecture estim\u00e9e\" \/>\n\t<meta name=\"twitter:data2\" content=\"4 minutes\" \/>\n<script type=\"application\/ld+json\" class=\"yoast-schema-graph\">{\"@context\":\"https:\\\/\\\/schema.org\",\"@graph\":[{\"@type\":\"Article\",\"@id\":\"https:\\\/\\\/chronomagazine.info\\\/?p=1899#article\",\"isPartOf\":{\"@id\":\"https:\\\/\\\/chronomagazine.info\\\/?p=1899\"},\"author\":{\"name\":\"Redaction\",\"@id\":\"https:\\\/\\\/chronomagazine.info\\\/#\\\/schema\\\/person\\\/1b30e6d39ab853b835b3db1392fc68e8\"},\"headline\":\"Edgard Leblanc appelle \u00e0 un sursaut national \u00e0 l\u2019approche du 7 f\u00e9vrier 2026\",\"datePublished\":\"2026-02-03T01:06:32+00:00\",\"dateModified\":\"2026-02-03T01:06:36+00:00\",\"mainEntityOfPage\":{\"@id\":\"https:\\\/\\\/chronomagazine.info\\\/?p=1899\"},\"wordCount\":672,\"commentCount\":0,\"image\":{\"@id\":\"https:\\\/\\\/chronomagazine.info\\\/?p=1899#primaryimage\"},\"thumbnailUrl\":\"https:\\\/\\\/chronomagazine.info\\\/wp-content\\\/uploads\\\/2026\\\/02\\\/E00D69AA-8132-450F-9B5E-9556C059EB33.jpeg\",\"articleSection\":[\"Actualites\",\"Politiques\"],\"inLanguage\":\"fr-FR\",\"potentialAction\":[{\"@type\":\"CommentAction\",\"name\":\"Comment\",\"target\":[\"https:\\\/\\\/chronomagazine.info\\\/?p=1899#respond\"]}]},{\"@type\":\"WebPage\",\"@id\":\"https:\\\/\\\/chronomagazine.info\\\/?p=1899\",\"url\":\"https:\\\/\\\/chronomagazine.info\\\/?p=1899\",\"name\":\"Edgard Leblanc appelle \u00e0 un sursaut national \u00e0 l\u2019approche du 7 f\u00e9vrier 2026 -\",\"isPartOf\":{\"@id\":\"https:\\\/\\\/chronomagazine.info\\\/#website\"},\"primaryImageOfPage\":{\"@id\":\"https:\\\/\\\/chronomagazine.info\\\/?p=1899#primaryimage\"},\"image\":{\"@id\":\"https:\\\/\\\/chronomagazine.info\\\/?p=1899#primaryimage\"},\"thumbnailUrl\":\"https:\\\/\\\/chronomagazine.info\\\/wp-content\\\/uploads\\\/2026\\\/02\\\/E00D69AA-8132-450F-9B5E-9556C059EB33.jpeg\",\"datePublished\":\"2026-02-03T01:06:32+00:00\",\"dateModified\":\"2026-02-03T01:06:36+00:00\",\"author\":{\"@id\":\"https:\\\/\\\/chronomagazine.info\\\/#\\\/schema\\\/person\\\/1b30e6d39ab853b835b3db1392fc68e8\"},\"breadcrumb\":{\"@id\":\"https:\\\/\\\/chronomagazine.info\\\/?p=1899#breadcrumb\"},\"inLanguage\":\"fr-FR\",\"potentialAction\":[{\"@type\":\"ReadAction\",\"target\":[\"https:\\\/\\\/chronomagazine.info\\\/?p=1899\"]}]},{\"@type\":\"ImageObject\",\"inLanguage\":\"fr-FR\",\"@id\":\"https:\\\/\\\/chronomagazine.info\\\/?p=1899#primaryimage\",\"url\":\"https:\\\/\\\/chronomagazine.info\\\/wp-content\\\/uploads\\\/2026\\\/02\\\/E00D69AA-8132-450F-9B5E-9556C059EB33.jpeg\",\"contentUrl\":\"https:\\\/\\\/chronomagazine.info\\\/wp-content\\\/uploads\\\/2026\\\/02\\\/E00D69AA-8132-450F-9B5E-9556C059EB33.jpeg\",\"width\":634,\"height\":563},{\"@type\":\"BreadcrumbList\",\"@id\":\"https:\\\/\\\/chronomagazine.info\\\/?p=1899#breadcrumb\",\"itemListElement\":[{\"@type\":\"ListItem\",\"position\":1,\"name\":\"Home\",\"item\":\"https:\\\/\\\/chronomagazine.info\\\/\"},{\"@type\":\"ListItem\",\"position\":2,\"name\":\"Edgard Leblanc appelle \u00e0 un sursaut national \u00e0 l\u2019approche du 7 f\u00e9vrier 2026\"}]},{\"@type\":\"WebSite\",\"@id\":\"https:\\\/\\\/chronomagazine.info\\\/#website\",\"url\":\"https:\\\/\\\/chronomagazine.info\\\/\",\"name\":\"\",\"description\":\"Haiti En Bref !\",\"potentialAction\":[{\"@type\":\"SearchAction\",\"target\":{\"@type\":\"EntryPoint\",\"urlTemplate\":\"https:\\\/\\\/chronomagazine.info\\\/?s={search_term_string}\"},\"query-input\":{\"@type\":\"PropertyValueSpecification\",\"valueRequired\":true,\"valueName\":\"search_term_string\"}}],\"inLanguage\":\"fr-FR\"},{\"@type\":\"Person\",\"@id\":\"https:\\\/\\\/chronomagazine.info\\\/#\\\/schema\\\/person\\\/1b30e6d39ab853b835b3db1392fc68e8\",\"name\":\"Redaction\",\"image\":{\"@type\":\"ImageObject\",\"inLanguage\":\"fr-FR\",\"@id\":\"https:\\\/\\\/secure.gravatar.com\\\/avatar\\\/ac8e53a7052dcd541025c389ebc153cf5c564d2ff38b6d692771f44cd130c8f8?s=96&d=mm&r=g\",\"url\":\"https:\\\/\\\/secure.gravatar.com\\\/avatar\\\/ac8e53a7052dcd541025c389ebc153cf5c564d2ff38b6d692771f44cd130c8f8?s=96&d=mm&r=g\",\"contentUrl\":\"https:\\\/\\\/secure.gravatar.com\\\/avatar\\\/ac8e53a7052dcd541025c389ebc153cf5c564d2ff38b6d692771f44cd130c8f8?s=96&d=mm&r=g\",\"caption\":\"Redaction\"},\"url\":\"https:\\\/\\\/chronomagazine.info\\\/?author=2\"}]}<\/script>\n<!-- \/ Yoast SEO plugin. -->","yoast_head_json":{"title":"Edgard Leblanc appelle \u00e0 un sursaut national \u00e0 l\u2019approche du 7 f\u00e9vrier 2026 -","robots":{"index":"index","follow":"follow","max-snippet":"max-snippet:-1","max-image-preview":"max-image-preview:large","max-video-preview":"max-video-preview:-1"},"canonical":"https:\/\/chronomagazine.info\/?p=1899","og_locale":"fr_FR","og_type":"article","og_title":"Edgard Leblanc appelle \u00e0 un sursaut national \u00e0 l\u2019approche du 7 f\u00e9vrier 2026 -","og_description":"\u00c0 l\u2019initiative du Conseil pr\u00e9sidentiel de transition (CPT), les assises du Dialogue inter-ha\u00eftien se sont ouvertes \u00e0 l\u2019h\u00f4tel","og_url":"https:\/\/chronomagazine.info\/?p=1899","article_published_time":"2026-02-03T01:06:32+00:00","article_modified_time":"2026-02-03T01:06:36+00:00","og_image":[{"width":634,"height":563,"url":"https:\/\/chronomagazine.info\/wp-content\/uploads\/2026\/02\/E00D69AA-8132-450F-9B5E-9556C059EB33.jpeg","type":"image\/jpeg"}],"author":"Redaction","twitter_card":"summary_large_image","twitter_misc":{"\u00c9crit par":"Redaction","Dur\u00e9e de lecture estim\u00e9e":"4 minutes"},"schema":{"@context":"https:\/\/schema.org","@graph":[{"@type":"Article","@id":"https:\/\/chronomagazine.info\/?p=1899#article","isPartOf":{"@id":"https:\/\/chronomagazine.info\/?p=1899"},"author":{"name":"Redaction","@id":"https:\/\/chronomagazine.info\/#\/schema\/person\/1b30e6d39ab853b835b3db1392fc68e8"},"headline":"Edgard Leblanc appelle \u00e0 un sursaut national \u00e0 l\u2019approche du 7 f\u00e9vrier 2026","datePublished":"2026-02-03T01:06:32+00:00","dateModified":"2026-02-03T01:06:36+00:00","mainEntityOfPage":{"@id":"https:\/\/chronomagazine.info\/?p=1899"},"wordCount":672,"commentCount":0,"image":{"@id":"https:\/\/chronomagazine.info\/?p=1899#primaryimage"},"thumbnailUrl":"https:\/\/chronomagazine.info\/wp-content\/uploads\/2026\/02\/E00D69AA-8132-450F-9B5E-9556C059EB33.jpeg","articleSection":["Actualites","Politiques"],"inLanguage":"fr-FR","potentialAction":[{"@type":"CommentAction","name":"Comment","target":["https:\/\/chronomagazine.info\/?p=1899#respond"]}]},{"@type":"WebPage","@id":"https:\/\/chronomagazine.info\/?p=1899","url":"https:\/\/chronomagazine.info\/?p=1899","name":"Edgard Leblanc appelle \u00e0 un sursaut national \u00e0 l\u2019approche du 7 f\u00e9vrier 2026 -","isPartOf":{"@id":"https:\/\/chronomagazine.info\/#website"},"primaryImageOfPage":{"@id":"https:\/\/chronomagazine.info\/?p=1899#primaryimage"},"image":{"@id":"https:\/\/chronomagazine.info\/?p=1899#primaryimage"},"thumbnailUrl":"https:\/\/chronomagazine.info\/wp-content\/uploads\/2026\/02\/E00D69AA-8132-450F-9B5E-9556C059EB33.jpeg","datePublished":"2026-02-03T01:06:32+00:00","dateModified":"2026-02-03T01:06:36+00:00","author":{"@id":"https:\/\/chronomagazine.info\/#\/schema\/person\/1b30e6d39ab853b835b3db1392fc68e8"},"breadcrumb":{"@id":"https:\/\/chronomagazine.info\/?p=1899#breadcrumb"},"inLanguage":"fr-FR","potentialAction":[{"@type":"ReadAction","target":["https:\/\/chronomagazine.info\/?p=1899"]}]},{"@type":"ImageObject","inLanguage":"fr-FR","@id":"https:\/\/chronomagazine.info\/?p=1899#primaryimage","url":"https:\/\/chronomagazine.info\/wp-content\/uploads\/2026\/02\/E00D69AA-8132-450F-9B5E-9556C059EB33.jpeg","contentUrl":"https:\/\/chronomagazine.info\/wp-content\/uploads\/2026\/02\/E00D69AA-8132-450F-9B5E-9556C059EB33.jpeg","width":634,"height":563},{"@type":"BreadcrumbList","@id":"https:\/\/chronomagazine.info\/?p=1899#breadcrumb","itemListElement":[{"@type":"ListItem","position":1,"name":"Home","item":"https:\/\/chronomagazine.info\/"},{"@type":"ListItem","position":2,"name":"Edgard Leblanc appelle \u00e0 un sursaut national \u00e0 l\u2019approche du 7 f\u00e9vrier 2026"}]},{"@type":"WebSite","@id":"https:\/\/chronomagazine.info\/#website","url":"https:\/\/chronomagazine.info\/","name":"","description":"Haiti En Bref !","potentialAction":[{"@type":"SearchAction","target":{"@type":"EntryPoint","urlTemplate":"https:\/\/chronomagazine.info\/?s={search_term_string}"},"query-input":{"@type":"PropertyValueSpecification","valueRequired":true,"valueName":"search_term_string"}}],"inLanguage":"fr-FR"},{"@type":"Person","@id":"https:\/\/chronomagazine.info\/#\/schema\/person\/1b30e6d39ab853b835b3db1392fc68e8","name":"Redaction","image":{"@type":"ImageObject","inLanguage":"fr-FR","@id":"https:\/\/secure.gravatar.com\/avatar\/ac8e53a7052dcd541025c389ebc153cf5c564d2ff38b6d692771f44cd130c8f8?s=96&d=mm&r=g","url":"https:\/\/secure.gravatar.com\/avatar\/ac8e53a7052dcd541025c389ebc153cf5c564d2ff38b6d692771f44cd130c8f8?s=96&d=mm&r=g","contentUrl":"https:\/\/secure.gravatar.com\/avatar\/ac8e53a7052dcd541025c389ebc153cf5c564d2ff38b6d692771f44cd130c8f8?s=96&d=mm&r=g","caption":"Redaction"},"url":"https:\/\/chronomagazine.info\/?author=2"}]}},"jetpack_featured_media_url":"https:\/\/chronomagazine.info\/wp-content\/uploads\/2026\/02\/E00D69AA-8132-450F-9B5E-9556C059EB33.jpeg","_links":{"self":[{"href":"https:\/\/chronomagazine.info\/index.php?rest_route=\/wp\/v2\/posts\/1899","targetHints":{"allow":["GET"]}}],"collection":[{"href":"https:\/\/chronomagazine.info\/index.php?rest_route=\/wp\/v2\/posts"}],"about":[{"href":"https:\/\/chronomagazine.info\/index.php?rest_route=\/wp\/v2\/types\/post"}],"author":[{"embeddable":true,"href":"https:\/\/chronomagazine.info\/index.php?rest_route=\/wp\/v2\/users\/2"}],"replies":[{"embeddable":true,"href":"https:\/\/chronomagazine.info\/index.php?rest_route=%2Fwp%2Fv2%2Fcomments&post=1899"}],"version-history":[{"count":1,"href":"https:\/\/chronomagazine.info\/index.php?rest_route=\/wp\/v2\/posts\/1899\/revisions"}],"predecessor-version":[{"id":1901,"href":"https:\/\/chronomagazine.info\/index.php?rest_route=\/wp\/v2\/posts\/1899\/revisions\/1901"}],"wp:featuredmedia":[{"embeddable":true,"href":"https:\/\/chronomagazine.info\/index.php?rest_route=\/wp\/v2\/media\/1900"}],"wp:attachment":[{"href":"https:\/\/chronomagazine.info\/index.php?rest_route=%2Fwp%2Fv2%2Fmedia&parent=1899"}],"wp:term":[{"taxonomy":"category","embeddable":true,"href":"https:\/\/chronomagazine.info\/index.php?rest_route=%2Fwp%2Fv2%2Fcategories&post=1899"},{"taxonomy":"post_tag","embeddable":true,"href":"https:\/\/chronomagazine.info\/index.php?rest_route=%2Fwp%2Fv2%2Ftags&post=1899"}],"curies":[{"name":"wp","href":"https:\/\/api.w.org\/{rel}","templated":true}]}}