{"id":2222,"date":"2026-03-04T23:10:06","date_gmt":"2026-03-04T22:10:06","guid":{"rendered":"https:\/\/chronomagazine.info\/?p=2222"},"modified":"2026-03-04T23:10:13","modified_gmt":"2026-03-04T22:10:13","slug":"haiti-politique-jean-rodlet-jean-baptiste-interpelle-la-communaute-internationale-sur-la-legitimite-du-gouvernement-fils-aime","status":"publish","type":"post","link":"https:\/\/chronomagazine.info\/?p=2222","title":{"rendered":"Ha\u00efti- politique : Jean Rodlet Jean-Baptiste interpelle la communaut\u00e9 internationale sur la l\u00e9gitimit\u00e9 du gouvernement Fils-Aim\u00e9"},"content":{"rendered":"\n<p><\/p>\n\n\n\n<p><em>Port-au-Prince, 4 mars 2026 La crise politique ha\u00eftienne conna\u00eet un nouvel \u00e9pisode avec la publication d\u2019une lettre ouverte adress\u00e9e \u00e0 la communaut\u00e9 internationale par l\u2019\u00e9crivain et entrepreneur Jean Rodlet Jean Baptiste. Dans ce document au ton ferme et accusateur, l\u2019auteur appelle les partenaires d\u2019Ha\u00efti \u00e0 conditionner tout appui politique et diplomatique au respect strict de la Constitution et des principes de bonne gouvernance.<\/em><\/p>\n\n\n\n<p>Au c\u0153ur de la d\u00e9marche : une critique frontale des r\u00e9centes d\u00e9cisions du Premier ministre de facto, Alix Didier Fils-Aim\u00e9. Pr\u00e9sent\u00e9 initialement comme un chef de gouvernement \u00e0 vocation technocratique, il est accus\u00e9 dans la lettre d\u2019avoir mis en place une \u00e9quipe marqu\u00e9e par \u00ab l\u2019arrogance, le favoritisme et des contradictions flagrantes \u00bb avec les engagements publics pris dans le cadre du pacte politique fondateur.<\/p>\n\n\n\n<p>Nominations controvers\u00e9es et tensions juridiques<\/p>\n\n\n\n<p>L\u2019un des points les plus sensibles soulev\u00e9s concerne la d\u00e9signation de Mme Reina Forbin au minist\u00e8re des Affaires \u00e9trang\u00e8res et des Cultes. Selon l\u2019auteur, cette nomination interviendrait dans un contexte o\u00f9 la Constitution ha\u00eftienne encadre strictement l\u2019acc\u00e8s aux fonctions minist\u00e9rielles. Sans entrer dans les d\u00e9tails juridiques, la lettre \u00e9voque un \u00ab signal inqui\u00e9tant \u00bb quant au respect des normes constitutionnelles.<\/p>\n\n\n\n<p>Plus largement, le texte d\u00e9nonce la pr\u00e9sence au sein du gouvernement de personnalit\u00e9s vis\u00e9es par des controverses li\u00e9es \u00e0 leur gestion pass\u00e9e, remettant en cause les exigences de probit\u00e9 et de conformit\u00e9 \u00e0 la loi ha\u00eftienne. Une accusation grave dans un pays o\u00f9 la d\u00e9fiance envers les institutions atteint un niveau critique.<\/p>\n\n\n\n<p>Fractures autour du pacte initial<\/p>\n\n\n\n<p>Autre \u00e9l\u00e9ment politique majeur : le d\u00e9sistement de plusieurs groupes signataires du pacte ayant facilit\u00e9 l\u2019installation de l\u2019ex\u00e9cutif. Ces retraits, motiv\u00e9s par un suppos\u00e9 manque de transparence et une m\u00e9thode jug\u00e9e unilat\u00e9rale, illustrent l\u2019\u00e9rosion rapide du consensus d\u00e9j\u00e0 fragile autour de la transition.<\/p>\n\n\n\n<p>Dans un contexte de crise s\u00e9curitaire persistante, de paralysie \u00e9conomique et d\u2019effondrement institutionnel, cette perte de confiance interne fragilise davantage la cr\u00e9dibilit\u00e9 du pouvoir en place.<\/p>\n\n\n\n<p>Pression sur les partenaires internationaux<\/p>\n\n\n\n<p>La lettre, adress\u00e9e notamment \u00e0 l\u2019Ambassade du Canada, \u00e0 l\u2019Ambassade de France, au charg\u00e9 d\u2019affaires am\u00e9ricain, \u00e0 la Communaut\u00e9 des Cara\u00efbes (CARICOM), \u00e0 l\u2019Union europ\u00e9enne, au Bureau int\u00e9gr\u00e9 des Nations unies en Ha\u00efti (BINUH) et \u00e0 l\u2019Organisation des \u00c9tats am\u00e9ricains, se veut un appel \u00e0 la coh\u00e9rence diplomatique.<\/p>\n\n\n\n<p>Jean Rodlet Jean Baptiste exhorte ces acteurs \u00e0 ne pas cautionner, par leur silence ou leur soutien, des pratiques susceptibles d\u2019affaiblir davantage la l\u00e9gitimit\u00e9 institutionnelle du pays. Il plaide pour un conditionnement strict de l\u2019aide et de l\u2019appui politique au respect des r\u00e8gles r\u00e9publicaines.<\/p>\n\n\n\n<p>Un signal politique \u00e0 surveiller<\/p>\n\n\n\n<p>Au-del\u00e0 du contenu, cette initiative traduit une volont\u00e9 d\u2019internationaliser le d\u00e9bat sur la l\u00e9gitimit\u00e9 du gouvernement actuel. Elle pourrait trouver un \u00e9cho aupr\u00e8s d\u2019autres acteurs de la soci\u00e9t\u00e9 civile ou de figures politiques critiques de la transition en cours.<\/p>\n\n\n\n<p>Dans un pays o\u00f9 chaque geste politique peut avoir des r\u00e9percussions majeures sur l\u2019\u00e9quilibre d\u00e9j\u00e0 pr\u00e9caire des institutions, cette lettre ouverte ajoute une pression suppl\u00e9mentaire sur l\u2019ex\u00e9cutif. Reste \u00e0 savoir si la communaut\u00e9 internationale choisira la prudence diplomatique ou une position plus exigeante face aux accusations formul\u00e9es.<\/p>\n\n\n\n<p>Une chose est certaine : le d\u00e9bat sur la l\u00e9gitimit\u00e9, la transparence et le respect de la Constitution demeure au centre de l\u2019avenir politique imm\u00e9diat d\u2019Ha\u00efti.<\/p>\n\n\n\n<p>Lalanne<\/p>\n","protected":false},"excerpt":{"rendered":"<p>Port-au-Prince, 4 mars 2026 La crise politique ha\u00eftienne conna\u00eet un nouvel \u00e9pisode avec la publication d\u2019une lettre ouverte<\/p>\n","protected":false},"author":2,"featured_media":2223,"comment_status":"open","ping_status":"open","sticky":false,"template":"","format":"standard","meta":{"footnotes":""},"categories":[2],"tags":[],"class_list":["post-2222","post","type-post","status-publish","format-standard","has-post-thumbnail","hentry","category-actualites"],"yoast_head":"<!-- This site is optimized with the Yoast SEO plugin v27.5 - https:\/\/yoast.com\/product\/yoast-seo-wordpress\/ -->\n<title>Ha\u00efti- politique : Jean Rodlet Jean-Baptiste interpelle la communaut\u00e9 internationale sur la l\u00e9gitimit\u00e9 du gouvernement Fils-Aim\u00e9 -<\/title>\n<meta name=\"robots\" content=\"index, follow, max-snippet:-1, max-image-preview:large, max-video-preview:-1\" \/>\n<link rel=\"canonical\" href=\"https:\/\/chronomagazine.info\/?p=2222\" \/>\n<meta property=\"og:locale\" content=\"fr_FR\" \/>\n<meta property=\"og:type\" content=\"article\" \/>\n<meta property=\"og:title\" content=\"Ha\u00efti- politique : Jean Rodlet Jean-Baptiste interpelle la communaut\u00e9 internationale sur la l\u00e9gitimit\u00e9 du gouvernement Fils-Aim\u00e9 -\" \/>\n<meta property=\"og:description\" content=\"Port-au-Prince, 4 mars 2026 La crise politique ha\u00eftienne conna\u00eet un nouvel \u00e9pisode avec la publication d\u2019une lettre ouverte\" \/>\n<meta property=\"og:url\" content=\"https:\/\/chronomagazine.info\/?p=2222\" \/>\n<meta property=\"article:published_time\" content=\"2026-03-04T22:10:06+00:00\" \/>\n<meta property=\"article:modified_time\" content=\"2026-03-04T22:10:13+00:00\" \/>\n<meta property=\"og:image\" content=\"https:\/\/chronomagazine.info\/wp-content\/uploads\/2026\/03\/47C19CF9-C453-49A8-9110-E073DC672C27.jpeg\" \/>\n\t<meta property=\"og:image:width\" content=\"720\" \/>\n\t<meta property=\"og:image:height\" content=\"720\" \/>\n\t<meta property=\"og:image:type\" content=\"image\/jpeg\" \/>\n<meta name=\"author\" content=\"Redaction\" \/>\n<meta name=\"twitter:card\" content=\"summary_large_image\" \/>\n<meta name=\"twitter:label1\" content=\"\u00c9crit par\" \/>\n\t<meta name=\"twitter:data1\" content=\"Redaction\" \/>\n\t<meta name=\"twitter:label2\" content=\"Dur\u00e9e de lecture estim\u00e9e\" \/>\n\t<meta name=\"twitter:data2\" content=\"3 minutes\" \/>\n<script type=\"application\/ld+json\" class=\"yoast-schema-graph\">{\"@context\":\"https:\\\/\\\/schema.org\",\"@graph\":[{\"@type\":\"Article\",\"@id\":\"https:\\\/\\\/chronomagazine.info\\\/?p=2222#article\",\"isPartOf\":{\"@id\":\"https:\\\/\\\/chronomagazine.info\\\/?p=2222\"},\"author\":{\"name\":\"Redaction\",\"@id\":\"https:\\\/\\\/chronomagazine.info\\\/#\\\/schema\\\/person\\\/1b30e6d39ab853b835b3db1392fc68e8\"},\"headline\":\"Ha\u00efti- politique : Jean Rodlet Jean-Baptiste interpelle la communaut\u00e9 internationale sur la l\u00e9gitimit\u00e9 du gouvernement Fils-Aim\u00e9\",\"datePublished\":\"2026-03-04T22:10:06+00:00\",\"dateModified\":\"2026-03-04T22:10:13+00:00\",\"mainEntityOfPage\":{\"@id\":\"https:\\\/\\\/chronomagazine.info\\\/?p=2222\"},\"wordCount\":618,\"commentCount\":0,\"image\":{\"@id\":\"https:\\\/\\\/chronomagazine.info\\\/?p=2222#primaryimage\"},\"thumbnailUrl\":\"https:\\\/\\\/chronomagazine.info\\\/wp-content\\\/uploads\\\/2026\\\/03\\\/47C19CF9-C453-49A8-9110-E073DC672C27.jpeg\",\"articleSection\":[\"Actualites\"],\"inLanguage\":\"fr-FR\",\"potentialAction\":[{\"@type\":\"CommentAction\",\"name\":\"Comment\",\"target\":[\"https:\\\/\\\/chronomagazine.info\\\/?p=2222#respond\"]}]},{\"@type\":\"WebPage\",\"@id\":\"https:\\\/\\\/chronomagazine.info\\\/?p=2222\",\"url\":\"https:\\\/\\\/chronomagazine.info\\\/?p=2222\",\"name\":\"Ha\u00efti- politique : Jean Rodlet Jean-Baptiste interpelle la communaut\u00e9 internationale sur la l\u00e9gitimit\u00e9 du gouvernement Fils-Aim\u00e9 -\",\"isPartOf\":{\"@id\":\"https:\\\/\\\/chronomagazine.info\\\/#website\"},\"primaryImageOfPage\":{\"@id\":\"https:\\\/\\\/chronomagazine.info\\\/?p=2222#primaryimage\"},\"image\":{\"@id\":\"https:\\\/\\\/chronomagazine.info\\\/?p=2222#primaryimage\"},\"thumbnailUrl\":\"https:\\\/\\\/chronomagazine.info\\\/wp-content\\\/uploads\\\/2026\\\/03\\\/47C19CF9-C453-49A8-9110-E073DC672C27.jpeg\",\"datePublished\":\"2026-03-04T22:10:06+00:00\",\"dateModified\":\"2026-03-04T22:10:13+00:00\",\"author\":{\"@id\":\"https:\\\/\\\/chronomagazine.info\\\/#\\\/schema\\\/person\\\/1b30e6d39ab853b835b3db1392fc68e8\"},\"breadcrumb\":{\"@id\":\"https:\\\/\\\/chronomagazine.info\\\/?p=2222#breadcrumb\"},\"inLanguage\":\"fr-FR\",\"potentialAction\":[{\"@type\":\"ReadAction\",\"target\":[\"https:\\\/\\\/chronomagazine.info\\\/?p=2222\"]}]},{\"@type\":\"ImageObject\",\"inLanguage\":\"fr-FR\",\"@id\":\"https:\\\/\\\/chronomagazine.info\\\/?p=2222#primaryimage\",\"url\":\"https:\\\/\\\/chronomagazine.info\\\/wp-content\\\/uploads\\\/2026\\\/03\\\/47C19CF9-C453-49A8-9110-E073DC672C27.jpeg\",\"contentUrl\":\"https:\\\/\\\/chronomagazine.info\\\/wp-content\\\/uploads\\\/2026\\\/03\\\/47C19CF9-C453-49A8-9110-E073DC672C27.jpeg\",\"width\":720,\"height\":720},{\"@type\":\"BreadcrumbList\",\"@id\":\"https:\\\/\\\/chronomagazine.info\\\/?p=2222#breadcrumb\",\"itemListElement\":[{\"@type\":\"ListItem\",\"position\":1,\"name\":\"Home\",\"item\":\"https:\\\/\\\/chronomagazine.info\\\/\"},{\"@type\":\"ListItem\",\"position\":2,\"name\":\"Ha\u00efti- politique : Jean Rodlet Jean-Baptiste interpelle la communaut\u00e9 internationale sur la l\u00e9gitimit\u00e9 du gouvernement Fils-Aim\u00e9\"}]},{\"@type\":\"WebSite\",\"@id\":\"https:\\\/\\\/chronomagazine.info\\\/#website\",\"url\":\"https:\\\/\\\/chronomagazine.info\\\/\",\"name\":\"\",\"description\":\"Haiti En Bref !\",\"potentialAction\":[{\"@type\":\"SearchAction\",\"target\":{\"@type\":\"EntryPoint\",\"urlTemplate\":\"https:\\\/\\\/chronomagazine.info\\\/?s={search_term_string}\"},\"query-input\":{\"@type\":\"PropertyValueSpecification\",\"valueRequired\":true,\"valueName\":\"search_term_string\"}}],\"inLanguage\":\"fr-FR\"},{\"@type\":\"Person\",\"@id\":\"https:\\\/\\\/chronomagazine.info\\\/#\\\/schema\\\/person\\\/1b30e6d39ab853b835b3db1392fc68e8\",\"name\":\"Redaction\",\"image\":{\"@type\":\"ImageObject\",\"inLanguage\":\"fr-FR\",\"@id\":\"https:\\\/\\\/secure.gravatar.com\\\/avatar\\\/ac8e53a7052dcd541025c389ebc153cf5c564d2ff38b6d692771f44cd130c8f8?s=96&d=mm&r=g\",\"url\":\"https:\\\/\\\/secure.gravatar.com\\\/avatar\\\/ac8e53a7052dcd541025c389ebc153cf5c564d2ff38b6d692771f44cd130c8f8?s=96&d=mm&r=g\",\"contentUrl\":\"https:\\\/\\\/secure.gravatar.com\\\/avatar\\\/ac8e53a7052dcd541025c389ebc153cf5c564d2ff38b6d692771f44cd130c8f8?s=96&d=mm&r=g\",\"caption\":\"Redaction\"},\"url\":\"https:\\\/\\\/chronomagazine.info\\\/?author=2\"}]}<\/script>\n<!-- \/ Yoast SEO plugin. -->","yoast_head_json":{"title":"Ha\u00efti- politique : Jean Rodlet Jean-Baptiste interpelle la communaut\u00e9 internationale sur la l\u00e9gitimit\u00e9 du gouvernement Fils-Aim\u00e9 -","robots":{"index":"index","follow":"follow","max-snippet":"max-snippet:-1","max-image-preview":"max-image-preview:large","max-video-preview":"max-video-preview:-1"},"canonical":"https:\/\/chronomagazine.info\/?p=2222","og_locale":"fr_FR","og_type":"article","og_title":"Ha\u00efti- politique : Jean Rodlet Jean-Baptiste interpelle la communaut\u00e9 internationale sur la l\u00e9gitimit\u00e9 du gouvernement Fils-Aim\u00e9 -","og_description":"Port-au-Prince, 4 mars 2026 La crise politique ha\u00eftienne conna\u00eet un nouvel \u00e9pisode avec la publication d\u2019une lettre ouverte","og_url":"https:\/\/chronomagazine.info\/?p=2222","article_published_time":"2026-03-04T22:10:06+00:00","article_modified_time":"2026-03-04T22:10:13+00:00","og_image":[{"width":720,"height":720,"url":"https:\/\/chronomagazine.info\/wp-content\/uploads\/2026\/03\/47C19CF9-C453-49A8-9110-E073DC672C27.jpeg","type":"image\/jpeg"}],"author":"Redaction","twitter_card":"summary_large_image","twitter_misc":{"\u00c9crit par":"Redaction","Dur\u00e9e de lecture estim\u00e9e":"3 minutes"},"schema":{"@context":"https:\/\/schema.org","@graph":[{"@type":"Article","@id":"https:\/\/chronomagazine.info\/?p=2222#article","isPartOf":{"@id":"https:\/\/chronomagazine.info\/?p=2222"},"author":{"name":"Redaction","@id":"https:\/\/chronomagazine.info\/#\/schema\/person\/1b30e6d39ab853b835b3db1392fc68e8"},"headline":"Ha\u00efti- politique : Jean Rodlet Jean-Baptiste interpelle la communaut\u00e9 internationale sur la l\u00e9gitimit\u00e9 du gouvernement Fils-Aim\u00e9","datePublished":"2026-03-04T22:10:06+00:00","dateModified":"2026-03-04T22:10:13+00:00","mainEntityOfPage":{"@id":"https:\/\/chronomagazine.info\/?p=2222"},"wordCount":618,"commentCount":0,"image":{"@id":"https:\/\/chronomagazine.info\/?p=2222#primaryimage"},"thumbnailUrl":"https:\/\/chronomagazine.info\/wp-content\/uploads\/2026\/03\/47C19CF9-C453-49A8-9110-E073DC672C27.jpeg","articleSection":["Actualites"],"inLanguage":"fr-FR","potentialAction":[{"@type":"CommentAction","name":"Comment","target":["https:\/\/chronomagazine.info\/?p=2222#respond"]}]},{"@type":"WebPage","@id":"https:\/\/chronomagazine.info\/?p=2222","url":"https:\/\/chronomagazine.info\/?p=2222","name":"Ha\u00efti- politique : Jean Rodlet Jean-Baptiste interpelle la communaut\u00e9 internationale sur la l\u00e9gitimit\u00e9 du gouvernement Fils-Aim\u00e9 -","isPartOf":{"@id":"https:\/\/chronomagazine.info\/#website"},"primaryImageOfPage":{"@id":"https:\/\/chronomagazine.info\/?p=2222#primaryimage"},"image":{"@id":"https:\/\/chronomagazine.info\/?p=2222#primaryimage"},"thumbnailUrl":"https:\/\/chronomagazine.info\/wp-content\/uploads\/2026\/03\/47C19CF9-C453-49A8-9110-E073DC672C27.jpeg","datePublished":"2026-03-04T22:10:06+00:00","dateModified":"2026-03-04T22:10:13+00:00","author":{"@id":"https:\/\/chronomagazine.info\/#\/schema\/person\/1b30e6d39ab853b835b3db1392fc68e8"},"breadcrumb":{"@id":"https:\/\/chronomagazine.info\/?p=2222#breadcrumb"},"inLanguage":"fr-FR","potentialAction":[{"@type":"ReadAction","target":["https:\/\/chronomagazine.info\/?p=2222"]}]},{"@type":"ImageObject","inLanguage":"fr-FR","@id":"https:\/\/chronomagazine.info\/?p=2222#primaryimage","url":"https:\/\/chronomagazine.info\/wp-content\/uploads\/2026\/03\/47C19CF9-C453-49A8-9110-E073DC672C27.jpeg","contentUrl":"https:\/\/chronomagazine.info\/wp-content\/uploads\/2026\/03\/47C19CF9-C453-49A8-9110-E073DC672C27.jpeg","width":720,"height":720},{"@type":"BreadcrumbList","@id":"https:\/\/chronomagazine.info\/?p=2222#breadcrumb","itemListElement":[{"@type":"ListItem","position":1,"name":"Home","item":"https:\/\/chronomagazine.info\/"},{"@type":"ListItem","position":2,"name":"Ha\u00efti- politique : Jean Rodlet Jean-Baptiste interpelle la communaut\u00e9 internationale sur la l\u00e9gitimit\u00e9 du gouvernement Fils-Aim\u00e9"}]},{"@type":"WebSite","@id":"https:\/\/chronomagazine.info\/#website","url":"https:\/\/chronomagazine.info\/","name":"","description":"Haiti En Bref !","potentialAction":[{"@type":"SearchAction","target":{"@type":"EntryPoint","urlTemplate":"https:\/\/chronomagazine.info\/?s={search_term_string}"},"query-input":{"@type":"PropertyValueSpecification","valueRequired":true,"valueName":"search_term_string"}}],"inLanguage":"fr-FR"},{"@type":"Person","@id":"https:\/\/chronomagazine.info\/#\/schema\/person\/1b30e6d39ab853b835b3db1392fc68e8","name":"Redaction","image":{"@type":"ImageObject","inLanguage":"fr-FR","@id":"https:\/\/secure.gravatar.com\/avatar\/ac8e53a7052dcd541025c389ebc153cf5c564d2ff38b6d692771f44cd130c8f8?s=96&d=mm&r=g","url":"https:\/\/secure.gravatar.com\/avatar\/ac8e53a7052dcd541025c389ebc153cf5c564d2ff38b6d692771f44cd130c8f8?s=96&d=mm&r=g","contentUrl":"https:\/\/secure.gravatar.com\/avatar\/ac8e53a7052dcd541025c389ebc153cf5c564d2ff38b6d692771f44cd130c8f8?s=96&d=mm&r=g","caption":"Redaction"},"url":"https:\/\/chronomagazine.info\/?author=2"}]}},"jetpack_featured_media_url":"https:\/\/chronomagazine.info\/wp-content\/uploads\/2026\/03\/47C19CF9-C453-49A8-9110-E073DC672C27.jpeg","_links":{"self":[{"href":"https:\/\/chronomagazine.info\/index.php?rest_route=\/wp\/v2\/posts\/2222","targetHints":{"allow":["GET"]}}],"collection":[{"href":"https:\/\/chronomagazine.info\/index.php?rest_route=\/wp\/v2\/posts"}],"about":[{"href":"https:\/\/chronomagazine.info\/index.php?rest_route=\/wp\/v2\/types\/post"}],"author":[{"embeddable":true,"href":"https:\/\/chronomagazine.info\/index.php?rest_route=\/wp\/v2\/users\/2"}],"replies":[{"embeddable":true,"href":"https:\/\/chronomagazine.info\/index.php?rest_route=%2Fwp%2Fv2%2Fcomments&post=2222"}],"version-history":[{"count":1,"href":"https:\/\/chronomagazine.info\/index.php?rest_route=\/wp\/v2\/posts\/2222\/revisions"}],"predecessor-version":[{"id":2224,"href":"https:\/\/chronomagazine.info\/index.php?rest_route=\/wp\/v2\/posts\/2222\/revisions\/2224"}],"wp:featuredmedia":[{"embeddable":true,"href":"https:\/\/chronomagazine.info\/index.php?rest_route=\/wp\/v2\/media\/2223"}],"wp:attachment":[{"href":"https:\/\/chronomagazine.info\/index.php?rest_route=%2Fwp%2Fv2%2Fmedia&parent=2222"}],"wp:term":[{"taxonomy":"category","embeddable":true,"href":"https:\/\/chronomagazine.info\/index.php?rest_route=%2Fwp%2Fv2%2Fcategories&post=2222"},{"taxonomy":"post_tag","embeddable":true,"href":"https:\/\/chronomagazine.info\/index.php?rest_route=%2Fwp%2Fv2%2Ftags&post=2222"}],"curies":[{"name":"wp","href":"https:\/\/api.w.org\/{rel}","templated":true}]}}